{"id":9692,"date":"2023-08-04T15:14:00","date_gmt":"2023-08-04T13:14:00","guid":{"rendered":"https:\/\/www.ichngoforum.org\/?p=9692"},"modified":"2023-08-07T10:41:09","modified_gmt":"2023-08-07T08:41:09","slug":"appel-a-candidatures-pour-le-financement-des-ong-accreditees-en-situation-de-crise","status":"publish","type":"post","link":"https:\/\/www.ichngoforum.org\/fr\/nouvelles\/appel-a-candidatures-pour-le-financement-des-ong-accreditees-en-situation-de-crise\/","title":{"rendered":"Appel \u00e0 candidatures pour le financement des ong accr\u00e9dit\u00e9es en situation de crise"},"content":{"rendered":"[vc_row type=\u00a0\u00bbin_container\u00a0\u00bb full_screen_row_position=\u00a0\u00bbmiddle\u00a0\u00bb column_margin=\u00a0\u00bbdefault\u00a0\u00bb column_direction=\u00a0\u00bbdefault\u00a0\u00bb column_direction_tablet=\u00a0\u00bbdefault\u00a0\u00bb column_direction_phone=\u00a0\u00bbdefault\u00a0\u00bb scene_position=\u00a0\u00bbcenter\u00a0\u00bb text_color=\u00a0\u00bbdark\u00a0\u00bb text_align=\u00a0\u00bbleft\u00a0\u00bb row_border_radius=\u00a0\u00bbnone\u00a0\u00bb row_border_radius_applies=\u00a0\u00bbbg\u00a0\u00bb overflow=\u00a0\u00bbvisible\u00a0\u00bb overlay_strength=\u00a0\u00bb0.3&Prime; gradient_direction=\u00a0\u00bbleft_to_right\u00a0\u00bb shape_divider_position=\u00a0\u00bbbottom\u00a0\u00bb bg_image_animation=\u00a0\u00bbnone\u00a0\u00bb][vc_column column_padding=\u00a0\u00bbno-extra-padding\u00a0\u00bb column_padding_tablet=\u00a0\u00bbinherit\u00a0\u00bb column_padding_phone=\u00a0\u00bbinherit\u00a0\u00bb column_padding_position=\u00a0\u00bball\u00a0\u00bb column_element_direction_desktop=\u00a0\u00bbdefault\u00a0\u00bb column_element_spacing=\u00a0\u00bbdefault\u00a0\u00bb desktop_text_alignment=\u00a0\u00bbdefault\u00a0\u00bb tablet_text_alignment=\u00a0\u00bbdefault\u00a0\u00bb phone_text_alignment=\u00a0\u00bbdefault\u00a0\u00bb background_color_opacity=\u00a0\u00bb1&Prime; background_hover_color_opacity=\u00a0\u00bb1&Prime; column_backdrop_filter=\u00a0\u00bbnone\u00a0\u00bb column_shadow=\u00a0\u00bbnone\u00a0\u00bb column_border_radius=\u00a0\u00bbnone\u00a0\u00bb column_link_target=\u00a0\u00bb_self\u00a0\u00bb column_position=\u00a0\u00bbdefault\u00a0\u00bb gradient_direction=\u00a0\u00bbleft_to_right\u00a0\u00bb overlay_strength=\u00a0\u00bb0.3&Prime; width=\u00a0\u00bb2\/3&Prime; tablet_width_inherit=\u00a0\u00bbdefault\u00a0\u00bb animation_type=\u00a0\u00bbdefault\u00a0\u00bb bg_image_animation=\u00a0\u00bbnone\u00a0\u00bb border_type=\u00a0\u00bbsimple\u00a0\u00bb column_border_width=\u00a0\u00bbnone\u00a0\u00bb column_border_style=\u00a0\u00bbsolid\u00a0\u00bb][vc_column_text]Le Forum des ONG du PCI a lanc\u00e9 l&rsquo;ann\u00e9e derni\u00e8re une campagne de collecte de fonds pour aider les ONG accr\u00e9dit\u00e9es du PCI (ONG) touch\u00e9es par des situations d&rsquo;urgence. Un nombre croissant d&rsquo;ONG et de communaut\u00e9s sont impact\u00e9es par les catastrophes naturelles, le changement climatique (inondations, cyclones, coul\u00e9es de boue, vagues de chaleur, incendies de for\u00eat, s\u00e9cheresse), les conflits arm\u00e9s (destruction des espaces physiques du PCI, mortalit\u00e9, migration forc\u00e9e, perte des pratiques du PCI) et d&rsquo;autres situations de crise. Il semble de plus en plus certain que ces situations augmenteront avec le temps.<\/p>\n<p>Gr\u00e2ce aux g\u00e9n\u00e9reux donateurs, le Comit\u00e9 de collecte de fonds du Forum est heureux d&rsquo;annoncer qu&rsquo;il versera cette ann\u00e9e <strong>deux dons d&rsquo;un montant maximum de 500 euros chacun<\/strong> aux ONG accr\u00e9dit\u00e9es impact\u00e9es par des catastrophes naturelles et des conflits arm\u00e9s pour les aider \u00e0 se r\u00e9tablir. Les ONG accr\u00e9dit\u00e9es situ\u00e9es dans n&rsquo;importe quel pays du monde en situation de crise sont admissibles. L&rsquo;\u00e9ventail des situations qualifi\u00e9es d&rsquo;urgence est d\u00e9fini conform\u00e9ment \u00e0 l&rsquo;article 50 des Directives op\u00e9rationnelles de la Convention de 2003 sur la r\u00e9action aux catastrophes et appliqu\u00e9 aux ONG. Une urgence est consid\u00e9r\u00e9e comme existant lorsqu&rsquo;une ONG se trouve dans l&rsquo;incapacit\u00e9 de surmonter par elle-m\u00eame une circonstance due \u00e0 une calamit\u00e9, une catastrophe naturelle, un conflit arm\u00e9, une \u00e9pid\u00e9mie grave ou tout autre \u00e9v\u00e9nement naturel ou humain ayant de graves cons\u00e9quences pour le patrimoine culturel immat\u00e9riel ainsi que pour les communaut\u00e9s, les groupes et, le cas \u00e9ch\u00e9ant, les individus qui sont les d\u00e9tenteurs de ce patrimoine.<\/p>\n<p><strong>Les crit\u00e8res d&rsquo;\u00e9valuation<\/strong> des candidatures sont les suivants :<\/p>\n<p>1) Les candidats doivent \u00eatre une ONG accr\u00e9dit\u00e9e aupr\u00e8s du Forum des ONG du PCI<\/p>\n<p>2) Le degr\u00e9 de besoin et l&rsquo;urgence de la situation ;<\/p>\n<p>3) D\u00e9monstration que l&rsquo;ONG \u00e9prouve des difficult\u00e9s importantes \u00e0 surmonter l&rsquo;impact de la crise\u00a0;<\/p>\n<p>4) Le besoin de fonds et comment ils seront utilis\u00e9s<\/p>\n<p>Les candidatures de 250 \u00e0 300 mots, en anglais ou en fran\u00e7ais, r\u00e9pondant aux crit\u00e8res susmentionn\u00e9s, doivent \u00eatre envoy\u00e9es <strong>avant le 31 ao\u00fbt 2023<\/strong> \u00e0 : <a href=\"mailto:Laurier.Turgeon@hst.ulaval.ca\">Laurier.Turgeon@hst.ulaval.ca<\/a> (Secr\u00e9taire du Comit\u00e9 de Collecte de Fonds).\u00a0 Les dons seront effectu\u00e9s en septembre et annonc\u00e9s au public lors de la prochaine r\u00e9union du Comit\u00e9 intergouvernemental, <a href=\"http:\/\/18.COM\">18.COM<\/a>, \u00e0 Kasane, au Botswana, du 4 au 9 d\u00e9cembre 2023.<\/p>\n<p><strong>Comit\u00e9 de collecte de fonds<\/strong><\/p>\n<p>Tamara Nikoli\u0107 \u0110eri\u0107, Association Maison de Batana (Croatie)<\/p>\n<p>Sekou Berte, Agence malienne du patrimoine culturel (Mali) (Pr\u00e9sident)<\/p>\n<p>Laurier Turgeon, Association d&rsquo;\u00e9tudes folkloriques du Canada (Canada) (Secr\u00e9taire)<\/p>\n<p>Martin Andrade Perez, Fondation Erigaie (Colombie) (Tr\u00e9sorier)<\/p>\n<p>Mohamed Lemine Beidieu, Association mauritanienne pour la sauvegarde du partimoine culturel immat\u00e9riel (Mauritanie)[\/vc_column_text][\/vc_column][vc_column column_padding=\u00a0\u00bbno-extra-padding\u00a0\u00bb column_padding_tablet=\u00a0\u00bbinherit\u00a0\u00bb column_padding_phone=\u00a0\u00bbinherit\u00a0\u00bb column_padding_position=\u00a0\u00bball\u00a0\u00bb column_element_direction_desktop=\u00a0\u00bbdefault\u00a0\u00bb column_element_spacing=\u00a0\u00bbdefault\u00a0\u00bb desktop_text_alignment=\u00a0\u00bbdefault\u00a0\u00bb tablet_text_alignment=\u00a0\u00bbdefault\u00a0\u00bb phone_text_alignment=\u00a0\u00bbdefault\u00a0\u00bb background_color_opacity=\u00a0\u00bb1&Prime; background_hover_color_opacity=\u00a0\u00bb1&Prime; column_backdrop_filter=\u00a0\u00bbnone\u00a0\u00bb column_shadow=\u00a0\u00bbnone\u00a0\u00bb column_border_radius=\u00a0\u00bbnone\u00a0\u00bb column_link_target=\u00a0\u00bb_self\u00a0\u00bb column_position=\u00a0\u00bbdefault\u00a0\u00bb gradient_direction=\u00a0\u00bbleft_to_right\u00a0\u00bb overlay_strength=\u00a0\u00bb0.3&Prime; width=\u00a0\u00bb1\/3&Prime; tablet_width_inherit=\u00a0\u00bbdefault\u00a0\u00bb animation_type=\u00a0\u00bbdefault\u00a0\u00bb bg_image_animation=\u00a0\u00bbnone\u00a0\u00bb border_type=\u00a0\u00bbsimple\u00a0\u00bb column_border_width=\u00a0\u00bbnone\u00a0\u00bb column_border_style=\u00a0\u00bbsolid\u00a0\u00bb][nectar_btn size=\u00a0\u00bbsmall\u00a0\u00bb open_new_tab=\u00a0\u00bbtrue\u00a0\u00bb button_style=\u00a0\u00bbregular\u00a0\u00bb button_color_2=\u00a0\u00bbAccent-Color\u00a0\u00bb icon_family=\u00a0\u00bbnone\u00a0\u00bb text=\u00a0\u00bbT\u00e9l\u00e9charger l&rsquo;appel\u00a0\u00bb url=\u00a0\u00bbhttps:\/\/www.ichngoforum.org\/wp-content\/uploads\/2023\/08\/APPEL-A-CANDIDATURES-POUR-LE-FINANCEMENT-DES-ONG-ACCREDITEES-EN-SITUATION-DE-CRISE_FR.pdf\u00a0\u00bb][\/vc_column][\/vc_row][vc_row type=\u00a0\u00bbin_container\u00a0\u00bb full_screen_row_position=\u00a0\u00bbmiddle\u00a0\u00bb column_margin=\u00a0\u00bbdefault\u00a0\u00bb column_direction=\u00a0\u00bbdefault\u00a0\u00bb column_direction_tablet=\u00a0\u00bbdefault\u00a0\u00bb column_direction_phone=\u00a0\u00bbdefault\u00a0\u00bb scene_position=\u00a0\u00bbcenter\u00a0\u00bb text_color=\u00a0\u00bbdark\u00a0\u00bb text_align=\u00a0\u00bbleft\u00a0\u00bb row_border_radius=\u00a0\u00bbnone\u00a0\u00bb row_border_radius_applies=\u00a0\u00bbbg\u00a0\u00bb overflow=\u00a0\u00bbvisible\u00a0\u00bb overlay_strength=\u00a0\u00bb0.3&Prime; gradient_direction=\u00a0\u00bbleft_to_right\u00a0\u00bb shape_divider_position=\u00a0\u00bbbottom\u00a0\u00bb bg_image_animation=\u00a0\u00bbnone\u00a0\u00bb][vc_column column_padding=\u00a0\u00bbno-extra-padding\u00a0\u00bb column_padding_tablet=\u00a0\u00bbinherit\u00a0\u00bb column_padding_phone=\u00a0\u00bbinherit\u00a0\u00bb column_padding_position=\u00a0\u00bball\u00a0\u00bb column_element_direction_desktop=\u00a0\u00bbdefault\u00a0\u00bb column_element_spacing=\u00a0\u00bbdefault\u00a0\u00bb desktop_text_alignment=\u00a0\u00bbdefault\u00a0\u00bb tablet_text_alignment=\u00a0\u00bbdefault\u00a0\u00bb phone_text_alignment=\u00a0\u00bbdefault\u00a0\u00bb background_color_opacity=\u00a0\u00bb1&Prime; background_hover_color_opacity=\u00a0\u00bb1&Prime; column_backdrop_filter=\u00a0\u00bbnone\u00a0\u00bb column_shadow=\u00a0\u00bbnone\u00a0\u00bb column_border_radius=\u00a0\u00bbnone\u00a0\u00bb column_link_target=\u00a0\u00bb_self\u00a0\u00bb column_position=\u00a0\u00bbdefault\u00a0\u00bb gradient_direction=\u00a0\u00bbleft_to_right\u00a0\u00bb overlay_strength=\u00a0\u00bb0.3&Prime; width=\u00a0\u00bb1\/1&Prime; tablet_width_inherit=\u00a0\u00bbdefault\u00a0\u00bb animation_type=\u00a0\u00bbdefault\u00a0\u00bb bg_image_animation=\u00a0\u00bbnone\u00a0\u00bb border_type=\u00a0\u00bbsimple\u00a0\u00bb column_border_width=\u00a0\u00bbnone\u00a0\u00bb column_border_style=\u00a0\u00bbsolid\u00a0\u00bb]<div class=\"sharing-default-minimal\"><div class=\"nectar-social default\" data-position=\"left\" data-color-override=\"override\"><div class=\"nectar-social-inner\"><a class='facebook-share nectar-sharing' href='#' title='Share this'>  <i class='fa fa-facebook'><\/i> <span class='social-text'>Share<\/span> <\/a><a class='twitter-share nectar-sharing' href='#' title='Share this'> <i class='fa icon-salient-x-twitter'><\/i> <span class='social-text'>Share<\/span> <\/a><\/div><\/div><\/div>[\/vc_column][\/vc_row]\n","protected":false},"excerpt":{"rendered":"<p>[vc_row type=\u00a0\u00bbin_container\u00a0\u00bb full_screen_row_position=\u00a0\u00bbmiddle\u00a0\u00bb column_margin=\u00a0\u00bbdefault\u00a0\u00bb column_direction=\u00a0\u00bbdefault\u00a0\u00bb column_direction_tablet=\u00a0\u00bbdefault\u00a0\u00bb column_direction_phone=\u00a0\u00bbdefault\u00a0\u00bb scene_position=\u00a0\u00bbcenter\u00a0\u00bb text_color=\u00a0\u00bbdark\u00a0\u00bb text_align=\u00a0\u00bbleft\u00a0\u00bb row_border_radius=\u00a0\u00bbnone\u00a0\u00bb row_border_radius_applies=\u00a0\u00bbbg\u00a0\u00bb overflow=\u00a0\u00bbvisible\u00a0\u00bb overlay_strength=\u00a0\u00bb0.3&Prime; gradient_direction=\u00a0\u00bbleft_to_right\u00a0\u00bb shape_divider_position=\u00a0\u00bbbottom\u00a0\u00bb bg_image_animation=\u00a0\u00bbnone\u00a0\u00bb][vc_column column_padding=\u00a0\u00bbno-extra-padding\u00a0\u00bb column_padding_tablet=\u00a0\u00bbinherit\u00a0\u00bb column_padding_phone=\u00a0\u00bbinherit\u00a0\u00bb column_padding_position=\u00a0\u00bball\u00a0\u00bb column_element_direction_desktop=\u00a0\u00bbdefault\u00a0\u00bb column_element_spacing=\u00a0\u00bbdefault\u00a0\u00bb desktop_text_alignment=\u00a0\u00bbdefault\u00a0\u00bb tablet_text_alignment=\u00a0\u00bbdefault\u00a0\u00bb phone_text_alignment=\u00a0\u00bbdefault\u00a0\u00bb background_color_opacity=\u00a0\u00bb1&Prime; background_hover_color_opacity=\u00a0\u00bb1&Prime; column_backdrop_filter=\u00a0\u00bbnone\u00a0\u00bb column_shadow=\u00a0\u00bbnone\u00a0\u00bb column_border_radius=\u00a0\u00bbnone\u00a0\u00bb column_link_target=\u00a0\u00bb_self\u00a0\u00bb column_position=\u00a0\u00bbdefault\u00a0\u00bb gradient_direction=\u00a0\u00bbleft_to_right\u00a0\u00bb overlay_strength=\u00a0\u00bb0.3&Prime; width=\u00a0\u00bb2\/3&Prime; tablet_width_inherit=\u00a0\u00bbdefault\u00a0\u00bb animation_type=\u00a0\u00bbdefault\u00a0\u00bb bg_image_animation=\u00a0\u00bbnone\u00a0\u00bb border_type=\u00a0\u00bbsimple\u00a0\u00bb column_border_width=\u00a0\u00bbnone\u00a0\u00bb column_border_style=\u00a0\u00bbsolid\u00a0\u00bb][vc_column_text]Le Forum des ONG du PCI a lanc\u00e9 l&rsquo;ann\u00e9e&#8230;<\/p>\n","protected":false},"author":4,"featured_media":9687,"comment_status":"closed","ping_status":"closed","sticky":false,"template":"","format":"standard","meta":{"footnotes":""},"categories":[78,87],"tags":[],"class_list":{"0":"post-9692","1":"post","2":"type-post","3":"status-publish","4":"format-standard","5":"has-post-thumbnail","7":"category-non-classifiee","8":"category-nouvelles"},"yoast_head":"<!-- This site is optimized with the Yoast SEO plugin v27.4 - https:\/\/yoast.com\/product\/yoast-seo-wordpress\/ -->\n<title>Appel \u00e0 candidatures pour le financement des ong accr\u00e9dit\u00e9es en situation de crise - ICH NGO Forum<\/title>\n<meta name=\"robots\" content=\"index, follow, max-snippet:-1, max-image-preview:large, max-video-preview:-1\" \/>\n<link rel=\"canonical\" href=\"https:\/\/www.ichngoforum.org\/fr\/nouvelles\/appel-a-candidatures-pour-le-financement-des-ong-accreditees-en-situation-de-crise\/\" \/>\n<meta property=\"og:locale\" content=\"fr_FR\" \/>\n<meta property=\"og:type\" content=\"article\" \/>\n<meta property=\"og:title\" content=\"Appel \u00e0 candidatures pour le financement des ong accr\u00e9dit\u00e9es en situation de crise - ICH NGO Forum\" \/>\n<meta property=\"og:description\" content=\"[vc_row type=\u00a0\u00bbin_container\u00a0\u00bb full_screen_row_position=\u00a0\u00bbmiddle\u00a0\u00bb column_margin=\u00a0\u00bbdefault\u00a0\u00bb column_direction=\u00a0\u00bbdefault\u00a0\u00bb column_direction_tablet=\u00a0\u00bbdefault\u00a0\u00bb column_direction_phone=\u00a0\u00bbdefault\u00a0\u00bb scene_position=\u00a0\u00bbcenter\u00a0\u00bb text_color=\u00a0\u00bbdark\u00a0\u00bb text_align=\u00a0\u00bbleft\u00a0\u00bb row_border_radius=\u00a0\u00bbnone\u00a0\u00bb row_border_radius_applies=\u00a0\u00bbbg\u00a0\u00bb overflow=\u00a0\u00bbvisible\u00a0\u00bb overlay_strength=\u00a0\u00bb0.3&Prime; gradient_direction=\u00a0\u00bbleft_to_right\u00a0\u00bb shape_divider_position=\u00a0\u00bbbottom\u00a0\u00bb bg_image_animation=\u00a0\u00bbnone\u00a0\u00bb][vc_column column_padding=\u00a0\u00bbno-extra-padding\u00a0\u00bb column_padding_tablet=\u00a0\u00bbinherit\u00a0\u00bb column_padding_phone=\u00a0\u00bbinherit\u00a0\u00bb column_padding_position=\u00a0\u00bball\u00a0\u00bb column_element_direction_desktop=\u00a0\u00bbdefault\u00a0\u00bb column_element_spacing=\u00a0\u00bbdefault\u00a0\u00bb desktop_text_alignment=\u00a0\u00bbdefault\u00a0\u00bb tablet_text_alignment=\u00a0\u00bbdefault\u00a0\u00bb phone_text_alignment=\u00a0\u00bbdefault\u00a0\u00bb background_color_opacity=\u00a0\u00bb1&Prime; background_hover_color_opacity=\u00a0\u00bb1&Prime; column_backdrop_filter=\u00a0\u00bbnone\u00a0\u00bb column_shadow=\u00a0\u00bbnone\u00a0\u00bb column_border_radius=\u00a0\u00bbnone\u00a0\u00bb column_link_target=\u00a0\u00bb_self\u00a0\u00bb column_position=\u00a0\u00bbdefault\u00a0\u00bb gradient_direction=\u00a0\u00bbleft_to_right\u00a0\u00bb overlay_strength=\u00a0\u00bb0.3&Prime; width=\u00a0\u00bb2\/3&Prime; tablet_width_inherit=\u00a0\u00bbdefault\u00a0\u00bb animation_type=\u00a0\u00bbdefault\u00a0\u00bb bg_image_animation=\u00a0\u00bbnone\u00a0\u00bb border_type=\u00a0\u00bbsimple\u00a0\u00bb column_border_width=\u00a0\u00bbnone\u00a0\u00bb column_border_style=\u00a0\u00bbsolid\u00a0\u00bb][vc_column_text]Le Forum des ONG du PCI a lanc\u00e9 l&rsquo;ann\u00e9e...\" \/>\n<meta property=\"og:url\" content=\"https:\/\/www.ichngoforum.org\/fr\/nouvelles\/appel-a-candidatures-pour-le-financement-des-ong-accreditees-en-situation-de-crise\/\" \/>\n<meta property=\"og:site_name\" content=\"ICH NGO Forum\" \/>\n<meta property=\"article:publisher\" content=\"https:\/\/www.facebook.com\/IchNgoForum\/\" \/>\n<meta property=\"article:published_time\" content=\"2023-08-04T13:14:00+00:00\" \/>\n<meta property=\"article:modified_time\" content=\"2023-08-07T08:41:09+00:00\" \/>\n<meta property=\"og:image\" content=\"https:\/\/www.ichngoforum.org\/wp-content\/uploads\/2023\/08\/sfondo-blu-hp-scaled.jpg\" \/>\n\t<meta property=\"og:image:width\" content=\"2560\" \/>\n\t<meta property=\"og:image:height\" content=\"1810\" \/>\n\t<meta property=\"og:image:type\" content=\"image\/jpeg\" \/>\n<meta name=\"author\" content=\"ICH NGO Forum\" \/>\n<meta name=\"twitter:card\" content=\"summary_large_image\" \/>\n<meta name=\"twitter:creator\" content=\"@IchNGO\" \/>\n<meta name=\"twitter:site\" content=\"@IchNGO\" \/>\n<meta name=\"twitter:label1\" content=\"\u00c9crit par\" \/>\n\t<meta name=\"twitter:data1\" content=\"ICH NGO Forum\" \/>\n\t<meta name=\"twitter:label2\" content=\"Dur\u00e9e de lecture estim\u00e9e\" \/>\n\t<meta name=\"twitter:data2\" content=\"3 minutes\" \/>\n<script type=\"application\/ld+json\" class=\"yoast-schema-graph\">{\"@context\":\"https:\\\/\\\/schema.org\",\"@graph\":[{\"@type\":\"Article\",\"@id\":\"https:\\\/\\\/www.ichngoforum.org\\\/fr\\\/nouvelles\\\/appel-a-candidatures-pour-le-financement-des-ong-accreditees-en-situation-de-crise\\\/#article\",\"isPartOf\":{\"@id\":\"https:\\\/\\\/www.ichngoforum.org\\\/fr\\\/nouvelles\\\/appel-a-candidatures-pour-le-financement-des-ong-accreditees-en-situation-de-crise\\\/\"},\"author\":{\"name\":\"ICH NGO Forum\",\"@id\":\"https:\\\/\\\/www.ichngoforum.org\\\/#\\\/schema\\\/person\\\/a1d4b221f5947a611d01e49e6aa8814e\"},\"headline\":\"Appel \u00e0 candidatures pour le financement des ong accr\u00e9dit\u00e9es en situation de crise\",\"datePublished\":\"2023-08-04T13:14:00+00:00\",\"dateModified\":\"2023-08-07T08:41:09+00:00\",\"mainEntityOfPage\":{\"@id\":\"https:\\\/\\\/www.ichngoforum.org\\\/fr\\\/nouvelles\\\/appel-a-candidatures-pour-le-financement-des-ong-accreditees-en-situation-de-crise\\\/\"},\"wordCount\":948,\"publisher\":{\"@id\":\"https:\\\/\\\/www.ichngoforum.org\\\/#organization\"},\"image\":{\"@id\":\"https:\\\/\\\/www.ichngoforum.org\\\/fr\\\/nouvelles\\\/appel-a-candidatures-pour-le-financement-des-ong-accreditees-en-situation-de-crise\\\/#primaryimage\"},\"thumbnailUrl\":\"https:\\\/\\\/www.ichngoforum.org\\\/wp-content\\\/uploads\\\/2023\\\/08\\\/sfondo-blu-hp-scaled.jpg\",\"articleSection\":[\"Non classifi\u00e9(e)\",\"Nouvelles\"],\"inLanguage\":\"fr-FR\"},{\"@type\":\"WebPage\",\"@id\":\"https:\\\/\\\/www.ichngoforum.org\\\/fr\\\/nouvelles\\\/appel-a-candidatures-pour-le-financement-des-ong-accreditees-en-situation-de-crise\\\/\",\"url\":\"https:\\\/\\\/www.ichngoforum.org\\\/fr\\\/nouvelles\\\/appel-a-candidatures-pour-le-financement-des-ong-accreditees-en-situation-de-crise\\\/\",\"name\":\"Appel \u00e0 candidatures pour le financement des ong accr\u00e9dit\u00e9es en situation de crise - ICH NGO Forum\",\"isPartOf\":{\"@id\":\"https:\\\/\\\/www.ichngoforum.org\\\/#website\"},\"primaryImageOfPage\":{\"@id\":\"https:\\\/\\\/www.ichngoforum.org\\\/fr\\\/nouvelles\\\/appel-a-candidatures-pour-le-financement-des-ong-accreditees-en-situation-de-crise\\\/#primaryimage\"},\"image\":{\"@id\":\"https:\\\/\\\/www.ichngoforum.org\\\/fr\\\/nouvelles\\\/appel-a-candidatures-pour-le-financement-des-ong-accreditees-en-situation-de-crise\\\/#primaryimage\"},\"thumbnailUrl\":\"https:\\\/\\\/www.ichngoforum.org\\\/wp-content\\\/uploads\\\/2023\\\/08\\\/sfondo-blu-hp-scaled.jpg\",\"datePublished\":\"2023-08-04T13:14:00+00:00\",\"dateModified\":\"2023-08-07T08:41:09+00:00\",\"breadcrumb\":{\"@id\":\"https:\\\/\\\/www.ichngoforum.org\\\/fr\\\/nouvelles\\\/appel-a-candidatures-pour-le-financement-des-ong-accreditees-en-situation-de-crise\\\/#breadcrumb\"},\"inLanguage\":\"fr-FR\",\"potentialAction\":[{\"@type\":\"ReadAction\",\"target\":[\"https:\\\/\\\/www.ichngoforum.org\\\/fr\\\/nouvelles\\\/appel-a-candidatures-pour-le-financement-des-ong-accreditees-en-situation-de-crise\\\/\"]}]},{\"@type\":\"ImageObject\",\"inLanguage\":\"fr-FR\",\"@id\":\"https:\\\/\\\/www.ichngoforum.org\\\/fr\\\/nouvelles\\\/appel-a-candidatures-pour-le-financement-des-ong-accreditees-en-situation-de-crise\\\/#primaryimage\",\"url\":\"https:\\\/\\\/www.ichngoforum.org\\\/wp-content\\\/uploads\\\/2023\\\/08\\\/sfondo-blu-hp-scaled.jpg\",\"contentUrl\":\"https:\\\/\\\/www.ichngoforum.org\\\/wp-content\\\/uploads\\\/2023\\\/08\\\/sfondo-blu-hp-scaled.jpg\",\"width\":2560,\"height\":1810,\"caption\":\"Blue Mosaic Abstract Texture Background , Pattern Backdrop of Gradient Wallpaper\"},{\"@type\":\"BreadcrumbList\",\"@id\":\"https:\\\/\\\/www.ichngoforum.org\\\/fr\\\/nouvelles\\\/appel-a-candidatures-pour-le-financement-des-ong-accreditees-en-situation-de-crise\\\/#breadcrumb\",\"itemListElement\":[{\"@type\":\"ListItem\",\"position\":1,\"name\":\"Home\",\"item\":\"https:\\\/\\\/www.ichngoforum.org\\\/\"},{\"@type\":\"ListItem\",\"position\":2,\"name\":\"Appel \u00e0 candidatures pour le financement des ong accr\u00e9dit\u00e9es en situation de crise\"}]},{\"@type\":\"WebSite\",\"@id\":\"https:\\\/\\\/www.ichngoforum.org\\\/#website\",\"url\":\"https:\\\/\\\/www.ichngoforum.org\\\/\",\"name\":\"ICH NGO Forum\",\"description\":\"Intangible Cultural Heritage\",\"publisher\":{\"@id\":\"https:\\\/\\\/www.ichngoforum.org\\\/#organization\"},\"potentialAction\":[{\"@type\":\"SearchAction\",\"target\":{\"@type\":\"EntryPoint\",\"urlTemplate\":\"https:\\\/\\\/www.ichngoforum.org\\\/?s={search_term_string}\"},\"query-input\":{\"@type\":\"PropertyValueSpecification\",\"valueRequired\":true,\"valueName\":\"search_term_string\"}}],\"inLanguage\":\"fr-FR\"},{\"@type\":\"Organization\",\"@id\":\"https:\\\/\\\/www.ichngoforum.org\\\/#organization\",\"name\":\"ICH NGO Forum\",\"url\":\"https:\\\/\\\/www.ichngoforum.org\\\/\",\"logo\":{\"@type\":\"ImageObject\",\"inLanguage\":\"fr-FR\",\"@id\":\"https:\\\/\\\/www.ichngoforum.org\\\/#\\\/schema\\\/logo\\\/image\\\/\",\"url\":\"https:\\\/\\\/www.ichngoforum.org\\\/wp-content\\\/uploads\\\/2025\\\/09\\\/organization-logo-ichngo-forum-intangible-cultural-heritage.jpg\",\"contentUrl\":\"https:\\\/\\\/www.ichngoforum.org\\\/wp-content\\\/uploads\\\/2025\\\/09\\\/organization-logo-ichngo-forum-intangible-cultural-heritage.jpg\",\"width\":1200,\"height\":1200,\"caption\":\"ICH NGO Forum\"},\"image\":{\"@id\":\"https:\\\/\\\/www.ichngoforum.org\\\/#\\\/schema\\\/logo\\\/image\\\/\"},\"sameAs\":[\"https:\\\/\\\/www.facebook.com\\\/IchNgoForum\\\/\",\"https:\\\/\\\/x.com\\\/IchNGO\"]},{\"@type\":\"Person\",\"@id\":\"https:\\\/\\\/www.ichngoforum.org\\\/#\\\/schema\\\/person\\\/a1d4b221f5947a611d01e49e6aa8814e\",\"name\":\"ICH NGO Forum\",\"image\":{\"@type\":\"ImageObject\",\"inLanguage\":\"fr-FR\",\"@id\":\"https:\\\/\\\/secure.gravatar.com\\\/avatar\\\/560556c01fad9867c0d1a57cbf63d3d87efe2d9ac16e7ffbb8047699c68b2ea8?s=96&d=blank&r=g\",\"url\":\"https:\\\/\\\/secure.gravatar.com\\\/avatar\\\/560556c01fad9867c0d1a57cbf63d3d87efe2d9ac16e7ffbb8047699c68b2ea8?s=96&d=blank&r=g\",\"contentUrl\":\"https:\\\/\\\/secure.gravatar.com\\\/avatar\\\/560556c01fad9867c0d1a57cbf63d3d87efe2d9ac16e7ffbb8047699c68b2ea8?s=96&d=blank&r=g\",\"caption\":\"ICH NGO Forum\"}}]}<\/script>\n<!-- \/ Yoast SEO plugin. -->","yoast_head_json":{"title":"Appel \u00e0 candidatures pour le financement des ong accr\u00e9dit\u00e9es en situation de crise - ICH NGO Forum","robots":{"index":"index","follow":"follow","max-snippet":"max-snippet:-1","max-image-preview":"max-image-preview:large","max-video-preview":"max-video-preview:-1"},"canonical":"https:\/\/www.ichngoforum.org\/fr\/nouvelles\/appel-a-candidatures-pour-le-financement-des-ong-accreditees-en-situation-de-crise\/","og_locale":"fr_FR","og_type":"article","og_title":"Appel \u00e0 candidatures pour le financement des ong accr\u00e9dit\u00e9es en situation de crise - ICH NGO Forum","og_description":"[vc_row type=\u00a0\u00bbin_container\u00a0\u00bb full_screen_row_position=\u00a0\u00bbmiddle\u00a0\u00bb column_margin=\u00a0\u00bbdefault\u00a0\u00bb column_direction=\u00a0\u00bbdefault\u00a0\u00bb column_direction_tablet=\u00a0\u00bbdefault\u00a0\u00bb column_direction_phone=\u00a0\u00bbdefault\u00a0\u00bb scene_position=\u00a0\u00bbcenter\u00a0\u00bb text_color=\u00a0\u00bbdark\u00a0\u00bb text_align=\u00a0\u00bbleft\u00a0\u00bb row_border_radius=\u00a0\u00bbnone\u00a0\u00bb row_border_radius_applies=\u00a0\u00bbbg\u00a0\u00bb overflow=\u00a0\u00bbvisible\u00a0\u00bb overlay_strength=\u00a0\u00bb0.3&Prime; gradient_direction=\u00a0\u00bbleft_to_right\u00a0\u00bb shape_divider_position=\u00a0\u00bbbottom\u00a0\u00bb bg_image_animation=\u00a0\u00bbnone\u00a0\u00bb][vc_column column_padding=\u00a0\u00bbno-extra-padding\u00a0\u00bb column_padding_tablet=\u00a0\u00bbinherit\u00a0\u00bb column_padding_phone=\u00a0\u00bbinherit\u00a0\u00bb column_padding_position=\u00a0\u00bball\u00a0\u00bb column_element_direction_desktop=\u00a0\u00bbdefault\u00a0\u00bb column_element_spacing=\u00a0\u00bbdefault\u00a0\u00bb desktop_text_alignment=\u00a0\u00bbdefault\u00a0\u00bb tablet_text_alignment=\u00a0\u00bbdefault\u00a0\u00bb phone_text_alignment=\u00a0\u00bbdefault\u00a0\u00bb background_color_opacity=\u00a0\u00bb1&Prime; background_hover_color_opacity=\u00a0\u00bb1&Prime; column_backdrop_filter=\u00a0\u00bbnone\u00a0\u00bb column_shadow=\u00a0\u00bbnone\u00a0\u00bb column_border_radius=\u00a0\u00bbnone\u00a0\u00bb column_link_target=\u00a0\u00bb_self\u00a0\u00bb column_position=\u00a0\u00bbdefault\u00a0\u00bb gradient_direction=\u00a0\u00bbleft_to_right\u00a0\u00bb overlay_strength=\u00a0\u00bb0.3&Prime; width=\u00a0\u00bb2\/3&Prime; tablet_width_inherit=\u00a0\u00bbdefault\u00a0\u00bb animation_type=\u00a0\u00bbdefault\u00a0\u00bb bg_image_animation=\u00a0\u00bbnone\u00a0\u00bb border_type=\u00a0\u00bbsimple\u00a0\u00bb column_border_width=\u00a0\u00bbnone\u00a0\u00bb column_border_style=\u00a0\u00bbsolid\u00a0\u00bb][vc_column_text]Le Forum des ONG du PCI a lanc\u00e9 l&rsquo;ann\u00e9e...","og_url":"https:\/\/www.ichngoforum.org\/fr\/nouvelles\/appel-a-candidatures-pour-le-financement-des-ong-accreditees-en-situation-de-crise\/","og_site_name":"ICH NGO Forum","article_publisher":"https:\/\/www.facebook.com\/IchNgoForum\/","article_published_time":"2023-08-04T13:14:00+00:00","article_modified_time":"2023-08-07T08:41:09+00:00","og_image":[{"width":2560,"height":1810,"url":"https:\/\/www.ichngoforum.org\/wp-content\/uploads\/2023\/08\/sfondo-blu-hp-scaled.jpg","type":"image\/jpeg"}],"author":"ICH NGO Forum","twitter_card":"summary_large_image","twitter_creator":"@IchNGO","twitter_site":"@IchNGO","twitter_misc":{"\u00c9crit par":"ICH NGO Forum","Dur\u00e9e de lecture estim\u00e9e":"3 minutes"},"schema":{"@context":"https:\/\/schema.org","@graph":[{"@type":"Article","@id":"https:\/\/www.ichngoforum.org\/fr\/nouvelles\/appel-a-candidatures-pour-le-financement-des-ong-accreditees-en-situation-de-crise\/#article","isPartOf":{"@id":"https:\/\/www.ichngoforum.org\/fr\/nouvelles\/appel-a-candidatures-pour-le-financement-des-ong-accreditees-en-situation-de-crise\/"},"author":{"name":"ICH NGO Forum","@id":"https:\/\/www.ichngoforum.org\/#\/schema\/person\/a1d4b221f5947a611d01e49e6aa8814e"},"headline":"Appel \u00e0 candidatures pour le financement des ong accr\u00e9dit\u00e9es en situation de crise","datePublished":"2023-08-04T13:14:00+00:00","dateModified":"2023-08-07T08:41:09+00:00","mainEntityOfPage":{"@id":"https:\/\/www.ichngoforum.org\/fr\/nouvelles\/appel-a-candidatures-pour-le-financement-des-ong-accreditees-en-situation-de-crise\/"},"wordCount":948,"publisher":{"@id":"https:\/\/www.ichngoforum.org\/#organization"},"image":{"@id":"https:\/\/www.ichngoforum.org\/fr\/nouvelles\/appel-a-candidatures-pour-le-financement-des-ong-accreditees-en-situation-de-crise\/#primaryimage"},"thumbnailUrl":"https:\/\/www.ichngoforum.org\/wp-content\/uploads\/2023\/08\/sfondo-blu-hp-scaled.jpg","articleSection":["Non classifi\u00e9(e)","Nouvelles"],"inLanguage":"fr-FR"},{"@type":"WebPage","@id":"https:\/\/www.ichngoforum.org\/fr\/nouvelles\/appel-a-candidatures-pour-le-financement-des-ong-accreditees-en-situation-de-crise\/","url":"https:\/\/www.ichngoforum.org\/fr\/nouvelles\/appel-a-candidatures-pour-le-financement-des-ong-accreditees-en-situation-de-crise\/","name":"Appel \u00e0 candidatures pour le financement des ong accr\u00e9dit\u00e9es en situation de crise - ICH NGO Forum","isPartOf":{"@id":"https:\/\/www.ichngoforum.org\/#website"},"primaryImageOfPage":{"@id":"https:\/\/www.ichngoforum.org\/fr\/nouvelles\/appel-a-candidatures-pour-le-financement-des-ong-accreditees-en-situation-de-crise\/#primaryimage"},"image":{"@id":"https:\/\/www.ichngoforum.org\/fr\/nouvelles\/appel-a-candidatures-pour-le-financement-des-ong-accreditees-en-situation-de-crise\/#primaryimage"},"thumbnailUrl":"https:\/\/www.ichngoforum.org\/wp-content\/uploads\/2023\/08\/sfondo-blu-hp-scaled.jpg","datePublished":"2023-08-04T13:14:00+00:00","dateModified":"2023-08-07T08:41:09+00:00","breadcrumb":{"@id":"https:\/\/www.ichngoforum.org\/fr\/nouvelles\/appel-a-candidatures-pour-le-financement-des-ong-accreditees-en-situation-de-crise\/#breadcrumb"},"inLanguage":"fr-FR","potentialAction":[{"@type":"ReadAction","target":["https:\/\/www.ichngoforum.org\/fr\/nouvelles\/appel-a-candidatures-pour-le-financement-des-ong-accreditees-en-situation-de-crise\/"]}]},{"@type":"ImageObject","inLanguage":"fr-FR","@id":"https:\/\/www.ichngoforum.org\/fr\/nouvelles\/appel-a-candidatures-pour-le-financement-des-ong-accreditees-en-situation-de-crise\/#primaryimage","url":"https:\/\/www.ichngoforum.org\/wp-content\/uploads\/2023\/08\/sfondo-blu-hp-scaled.jpg","contentUrl":"https:\/\/www.ichngoforum.org\/wp-content\/uploads\/2023\/08\/sfondo-blu-hp-scaled.jpg","width":2560,"height":1810,"caption":"Blue Mosaic Abstract Texture Background , Pattern Backdrop of Gradient Wallpaper"},{"@type":"BreadcrumbList","@id":"https:\/\/www.ichngoforum.org\/fr\/nouvelles\/appel-a-candidatures-pour-le-financement-des-ong-accreditees-en-situation-de-crise\/#breadcrumb","itemListElement":[{"@type":"ListItem","position":1,"name":"Home","item":"https:\/\/www.ichngoforum.org\/"},{"@type":"ListItem","position":2,"name":"Appel \u00e0 candidatures pour le financement des ong accr\u00e9dit\u00e9es en situation de crise"}]},{"@type":"WebSite","@id":"https:\/\/www.ichngoforum.org\/#website","url":"https:\/\/www.ichngoforum.org\/","name":"ICH NGO Forum","description":"Intangible Cultural Heritage","publisher":{"@id":"https:\/\/www.ichngoforum.org\/#organization"},"potentialAction":[{"@type":"SearchAction","target":{"@type":"EntryPoint","urlTemplate":"https:\/\/www.ichngoforum.org\/?s={search_term_string}"},"query-input":{"@type":"PropertyValueSpecification","valueRequired":true,"valueName":"search_term_string"}}],"inLanguage":"fr-FR"},{"@type":"Organization","@id":"https:\/\/www.ichngoforum.org\/#organization","name":"ICH NGO Forum","url":"https:\/\/www.ichngoforum.org\/","logo":{"@type":"ImageObject","inLanguage":"fr-FR","@id":"https:\/\/www.ichngoforum.org\/#\/schema\/logo\/image\/","url":"https:\/\/www.ichngoforum.org\/wp-content\/uploads\/2025\/09\/organization-logo-ichngo-forum-intangible-cultural-heritage.jpg","contentUrl":"https:\/\/www.ichngoforum.org\/wp-content\/uploads\/2025\/09\/organization-logo-ichngo-forum-intangible-cultural-heritage.jpg","width":1200,"height":1200,"caption":"ICH NGO Forum"},"image":{"@id":"https:\/\/www.ichngoforum.org\/#\/schema\/logo\/image\/"},"sameAs":["https:\/\/www.facebook.com\/IchNgoForum\/","https:\/\/x.com\/IchNGO"]},{"@type":"Person","@id":"https:\/\/www.ichngoforum.org\/#\/schema\/person\/a1d4b221f5947a611d01e49e6aa8814e","name":"ICH NGO Forum","image":{"@type":"ImageObject","inLanguage":"fr-FR","@id":"https:\/\/secure.gravatar.com\/avatar\/560556c01fad9867c0d1a57cbf63d3d87efe2d9ac16e7ffbb8047699c68b2ea8?s=96&d=blank&r=g","url":"https:\/\/secure.gravatar.com\/avatar\/560556c01fad9867c0d1a57cbf63d3d87efe2d9ac16e7ffbb8047699c68b2ea8?s=96&d=blank&r=g","contentUrl":"https:\/\/secure.gravatar.com\/avatar\/560556c01fad9867c0d1a57cbf63d3d87efe2d9ac16e7ffbb8047699c68b2ea8?s=96&d=blank&r=g","caption":"ICH NGO Forum"}}]}},"_links":{"self":[{"href":"https:\/\/www.ichngoforum.org\/fr\/wp-json\/wp\/v2\/posts\/9692","targetHints":{"allow":["GET"]}}],"collection":[{"href":"https:\/\/www.ichngoforum.org\/fr\/wp-json\/wp\/v2\/posts"}],"about":[{"href":"https:\/\/www.ichngoforum.org\/fr\/wp-json\/wp\/v2\/types\/post"}],"author":[{"embeddable":true,"href":"https:\/\/www.ichngoforum.org\/fr\/wp-json\/wp\/v2\/users\/4"}],"replies":[{"embeddable":true,"href":"https:\/\/www.ichngoforum.org\/fr\/wp-json\/wp\/v2\/comments?post=9692"}],"version-history":[{"count":3,"href":"https:\/\/www.ichngoforum.org\/fr\/wp-json\/wp\/v2\/posts\/9692\/revisions"}],"predecessor-version":[{"id":9706,"href":"https:\/\/www.ichngoforum.org\/fr\/wp-json\/wp\/v2\/posts\/9692\/revisions\/9706"}],"wp:featuredmedia":[{"embeddable":true,"href":"https:\/\/www.ichngoforum.org\/fr\/wp-json\/wp\/v2\/media\/9687"}],"wp:attachment":[{"href":"https:\/\/www.ichngoforum.org\/fr\/wp-json\/wp\/v2\/media?parent=9692"}],"wp:term":[{"taxonomy":"category","embeddable":true,"href":"https:\/\/www.ichngoforum.org\/fr\/wp-json\/wp\/v2\/categories?post=9692"},{"taxonomy":"post_tag","embeddable":true,"href":"https:\/\/www.ichngoforum.org\/fr\/wp-json\/wp\/v2\/tags?post=9692"}],"curies":[{"name":"wp","href":"https:\/\/api.w.org\/{rel}","templated":true}]}}