{"id":9610,"date":"2022-10-06T23:07:11","date_gmt":"2022-10-06T21:07:11","guid":{"rendered":"https:\/\/www.ichngoforum.org\/?p=9610"},"modified":"2023-07-24T15:13:09","modified_gmt":"2023-07-24T13:13:09","slug":"festival-de-contes-de-ljungby-et-musee-des-legendes-suede","status":"publish","type":"post","link":"https:\/\/www.ichngoforum.org\/fr\/experience-sur-le-terrain\/festival-de-contes-de-ljungby-et-musee-des-legendes-suede\/","title":{"rendered":"Festival de contes de Ljungby et Mus\u00e9e des l\u00e9gendes, Su\u00e8de"},"content":{"rendered":"[vc_row type=\u00a0\u00bbin_container\u00a0\u00bb full_screen_row_position=\u00a0\u00bbmiddle\u00a0\u00bb column_margin=\u00a0\u00bbdefault\u00a0\u00bb column_direction=\u00a0\u00bbdefault\u00a0\u00bb column_direction_tablet=\u00a0\u00bbdefault\u00a0\u00bb column_direction_phone=\u00a0\u00bbdefault\u00a0\u00bb bg_color=\u00a0\u00bb#fffbe6&Prime; scene_position=\u00a0\u00bbcenter\u00a0\u00bb top_padding=\u00a0\u00bb25px\u00a0\u00bb constrain_group_1=\u00a0\u00bbyes\u00a0\u00bb bottom_padding=\u00a0\u00bb25px\u00a0\u00bb left_padding_desktop=\u00a0\u00bb25px\u00a0\u00bb constrain_group_2=\u00a0\u00bbyes\u00a0\u00bb right_padding_desktop=\u00a0\u00bb25px\u00a0\u00bb bottom_margin=\u00a0\u00bb40px\u00a0\u00bb text_color=\u00a0\u00bbcustom\u00a0\u00bb custom_text_color=\u00a0\u00bb#006a89&Prime; text_align=\u00a0\u00bbleft\u00a0\u00bb row_border_radius=\u00a0\u00bbnone\u00a0\u00bb row_border_radius_applies=\u00a0\u00bbbg\u00a0\u00bb overflow=\u00a0\u00bbvisible\u00a0\u00bb overlay_strength=\u00a0\u00bb0.3&Prime; gradient_direction=\u00a0\u00bbleft_to_right\u00a0\u00bb shape_divider_position=\u00a0\u00bbbottom\u00a0\u00bb bg_image_animation=\u00a0\u00bbnone\u00a0\u00bb gradient_type=\u00a0\u00bbdefault\u00a0\u00bb shape_type=\u00a0\u00bb\u00a0\u00bb][vc_column column_padding=\u00a0\u00bbno-extra-padding\u00a0\u00bb column_padding_tablet=\u00a0\u00bbinherit\u00a0\u00bb column_padding_phone=\u00a0\u00bbinherit\u00a0\u00bb column_padding_position=\u00a0\u00bball\u00a0\u00bb column_element_direction_desktop=\u00a0\u00bbdefault\u00a0\u00bb column_element_spacing=\u00a0\u00bbdefault\u00a0\u00bb desktop_text_alignment=\u00a0\u00bbdefault\u00a0\u00bb tablet_text_alignment=\u00a0\u00bbdefault\u00a0\u00bb phone_text_alignment=\u00a0\u00bbdefault\u00a0\u00bb background_color_opacity=\u00a0\u00bb1&Prime; background_hover_color_opacity=\u00a0\u00bb1&Prime; column_backdrop_filter=\u00a0\u00bbnone\u00a0\u00bb column_shadow=\u00a0\u00bbnone\u00a0\u00bb column_border_radius=\u00a0\u00bbnone\u00a0\u00bb column_link_target=\u00a0\u00bb_self\u00a0\u00bb column_position=\u00a0\u00bbdefault\u00a0\u00bb gradient_direction=\u00a0\u00bbleft_to_right\u00a0\u00bb overlay_strength=\u00a0\u00bb0.3&Prime; width=\u00a0\u00bb1\/1&Prime; tablet_width_inherit=\u00a0\u00bbdefault\u00a0\u00bb animation_type=\u00a0\u00bbdefault\u00a0\u00bb bg_image_animation=\u00a0\u00bbnone\u00a0\u00bb border_type=\u00a0\u00bbsimple\u00a0\u00bb column_border_width=\u00a0\u00bbnone\u00a0\u00bb column_border_style=\u00a0\u00bbsolid\u00a0\u00bb][vc_column_text el_class=\u00a0\u00bbmeta-info-experience\u00a0\u00bb]\n<ul>\n<li><strong>Domaine du PCI :<\/strong> Traditions et expressions orales<\/li>\n<li><strong>R\u00e9gion :<\/strong> Europe et Am\u00e9rique du Nord<\/li>\n<li><strong>Mots-cl\u00e9s :<\/strong> Conte, L\u00e9gendes, Pays nordiques, R\u00e9seau, Festival, Mus\u00e9e<\/li>\n<\/ul>\n[\/vc_column_text][\/vc_column][\/vc_row][vc_row type=\u00a0\u00bbin_container\u00a0\u00bb full_screen_row_position=\u00a0\u00bbmiddle\u00a0\u00bb column_margin=\u00a0\u00bbdefault\u00a0\u00bb column_direction=\u00a0\u00bbdefault\u00a0\u00bb column_direction_tablet=\u00a0\u00bbdefault\u00a0\u00bb column_direction_phone=\u00a0\u00bbdefault\u00a0\u00bb scene_position=\u00a0\u00bbcenter\u00a0\u00bb text_color=\u00a0\u00bbdark\u00a0\u00bb text_align=\u00a0\u00bbleft\u00a0\u00bb row_border_radius=\u00a0\u00bbnone\u00a0\u00bb row_border_radius_applies=\u00a0\u00bbbg\u00a0\u00bb overflow=\u00a0\u00bbvisible\u00a0\u00bb id=\u00a0\u00bbexp-text\u00a0\u00bb overlay_strength=\u00a0\u00bb0.3&Prime; gradient_direction=\u00a0\u00bbleft_to_right\u00a0\u00bb shape_divider_position=\u00a0\u00bbbottom\u00a0\u00bb bg_image_animation=\u00a0\u00bbnone\u00a0\u00bb gradient_type=\u00a0\u00bbdefault\u00a0\u00bb shape_type=\u00a0\u00bb\u00a0\u00bb][vc_column column_padding=\u00a0\u00bbno-extra-padding\u00a0\u00bb column_padding_tablet=\u00a0\u00bbinherit\u00a0\u00bb column_padding_phone=\u00a0\u00bbinherit\u00a0\u00bb column_padding_position=\u00a0\u00bball\u00a0\u00bb column_element_direction_desktop=\u00a0\u00bbdefault\u00a0\u00bb column_element_spacing=\u00a0\u00bbdefault\u00a0\u00bb desktop_text_alignment=\u00a0\u00bbdefault\u00a0\u00bb tablet_text_alignment=\u00a0\u00bbdefault\u00a0\u00bb phone_text_alignment=\u00a0\u00bbdefault\u00a0\u00bb background_color_opacity=\u00a0\u00bb1&Prime; background_hover_color_opacity=\u00a0\u00bb1&Prime; column_backdrop_filter=\u00a0\u00bbnone\u00a0\u00bb column_shadow=\u00a0\u00bbnone\u00a0\u00bb column_border_radius=\u00a0\u00bbnone\u00a0\u00bb column_link_target=\u00a0\u00bb_self\u00a0\u00bb column_position=\u00a0\u00bbdefault\u00a0\u00bb gradient_direction=\u00a0\u00bbleft_to_right\u00a0\u00bb overlay_strength=\u00a0\u00bb0.3&Prime; width=\u00a0\u00bb1\/1&Prime; tablet_width_inherit=\u00a0\u00bbdefault\u00a0\u00bb animation_type=\u00a0\u00bbdefault\u00a0\u00bb bg_image_animation=\u00a0\u00bbnone\u00a0\u00bb border_type=\u00a0\u00bbsimple\u00a0\u00bb column_border_width=\u00a0\u00bbnone\u00a0\u00bb column_border_style=\u00a0\u00bbsolid\u00a0\u00bb][vc_column_text]\n<h3>R\u00e9sum\u00e9<\/h3>\n<p>Le festival de musique et de contes de Sagobygden (anciennement connu sous le nom de festival de contes de Ljungby), fond\u00e9 en 1990, est le plus ancien festival annuel de contes dans les pays nordiques. Pendant 4 jours, 50 conteurs du monde entier sont invit\u00e9s \u00e0 venir raconter leurs meilleures histoires &#8211; anciennes ou nouvelles. Le festival se d\u00e9roule \u00e0 Sagobygden, une r\u00e9gion de Su\u00e8de compos\u00e9e des 3 municipalit\u00e9s de Ljungby, Alvesta et \u00c4lmhult, et il est fr\u00e9quent\u00e9 par 600 \u00e0 1000 personnes en moyenne. Bas\u00e9 sur un th\u00e8me diff\u00e9rent chaque ann\u00e9e, il est organis\u00e9 par <a href=\"https:\/\/sagobygden.se\/en\/the-storytelling-network-of-kronoberg\/\">The Storytelling Network of Kronoberg<\/a> qui s&rsquo;attache \u00e0 assurer la transmission des contes et l\u00e9gendes populaires et \u00e0 promouvoir et pr\u00e9server la tradition du conte oral. L&rsquo;organisation \u00e0 but non lucratif g\u00e8re \u00e9galement le <a href=\"https:\/\/sagobygden.se\/en\/the-museum-of-legends\/\">Mus\u00e9e des l\u00e9gendes<\/a>, con\u00e7u pour donner aux visiteurs un aper\u00e7u du PCI du sud de la Su\u00e8de.<\/p>\n<p>The Storytelling Network comprend des membres int\u00e9ress\u00e9s par la narration dans tous les pays nordiques, dont environ 250 viennent de Su\u00e8de. Le programme du festival se compose d&rsquo;ateliers et de spectacles de contes et de musique. De plus, le prix Mickel, nomm\u00e9 d&rsquo;apr\u00e8s un conteur qui \u00e9tait une source importante pour de nombreuses histoires racont\u00e9es dans la r\u00e9gion au cours du 19e si\u00e8cle, est d\u00e9cern\u00e9 \u00e0 une personne qui s&rsquo;efforce de pr\u00e9server la tradition de la narration. Pendant le reste de l&rsquo;ann\u00e9e, le mus\u00e9e accueille une vari\u00e9t\u00e9 d&rsquo;activit\u00e9s \u00e9ducatives, de spectacles, de conf\u00e9rences et de cours universitaires destin\u00e9s \u00e0 des publics de divers groupes d&rsquo;\u00e2ge.<br \/>\nAvec l&rsquo;Institut de la langue et du folklore, le r\u00e9seau et le mus\u00e9e m\u00e8nent un travail de pr\u00e9servation, de documentation, de transmission des savoirs, de formation, de recherche et de pratique des traditions et expressions orales, dans le cadre de la Convention de 2003 sur le PCI.[\/vc_column_text][vc_gallery type=\u00a0\u00bbflickity_static_height_style\u00a0\u00bb images=\u00a0\u00bb6425,6424,6426,6427&Prime; flickity_spacing=\u00a0\u00bbdefault\u00a0\u00bb flickity_controls=\u00a0\u00bbpagination\u00a0\u00bb flickity_overflow=\u00a0\u00bbhidden\u00a0\u00bb flickity_wrap_around=\u00a0\u00bbwrap\u00a0\u00bb flickity_box_shadow=\u00a0\u00bbnone\u00a0\u00bb image_loading=\u00a0\u00bbdefault\u00a0\u00bb onclick=\u00a0\u00bblink_image\u00a0\u00bb][vc_column_text el_class=\u00a0\u00bbimg-copyright\u00a0\u00bb]\u00a9 copyright of the photographs belongs to Tine Winther, Director of Storytelling Network of Kronoberg. Use without the author&rsquo;s permission is forbidden.[\/vc_column_text][divider line_type=\u00a0\u00bbNo Line\u00a0\u00bb custom_height=\u00a0\u00bb40&Prime;][vc_column_text]\n<h3>Objectifs<\/h3>\n<p>Les activit\u00e9s du Storytelling Network de Kronoberg visent \u00e0 :<\/p>\n<ul>\n<li>Diffuser la connaissance des contes et l\u00e9gendes populaires locales ;<\/li>\n<li>Mettre en valeur les histoires des personnes vivant dans la soci\u00e9t\u00e9 contemporaine ;<\/li>\n<li>\u00c9couter et faire partie de l&rsquo;histoire.<\/li>\n<\/ul>\n<p>\u00ab Faire en sorte que les habitants soient fiers de l&rsquo;endroit d&rsquo;o\u00f9 ils viennent pour qu&rsquo;ils en parlent en partant et montrent l&rsquo;endroit aux autres \u00e0 leur retour \u00bb &#8211; Tine Winther (r\u00e9alisateur, Sagobygden \/ Le pays des l\u00e9gendes).<\/p>\n<h3>Qu\u2019est-ce qui a fonctionn\u00e9 ?<\/h3>\n<p>Le travail de l&rsquo;organisation est favoris\u00e9 par le paysage de la r\u00e9gion &#8211; il y a 43 \u00ab stations \u00bb dans la nature environnante o\u00f9 les gens peuvent d\u00e9couvrir des endroits sp\u00e9ciaux, entendre et rencontrer des histoires visant \u00e0 expliquer \u00ab qui nous sommes \u00bb et \u00ab pourquoi nous sommes comme nous sommes \u00bb. Un effort est \u00e9galement fait pour rendre les l\u00e9gendes traditionnelles pertinentes pour le public d&rsquo;aujourd&rsquo;hui et mettre en \u00e9vidence les parall\u00e8les interculturels dans les histoires de diff\u00e9rentes parties du monde.<\/p>\n<h3>Les d\u00e9fis du d\u00e9veloppement d&rsquo;un tourisme durable du PCI<\/h3>\n<p>Alors que des activit\u00e9s telles que le g\u00e9ocaching rendent le paysage vivant et tr\u00e8s attractif pour les touristes qui visitent la r\u00e9gion, depuis la pand\u00e9mie de Covid-19, le mus\u00e9e a accueilli un tiers seulement de sa fr\u00e9quentation habituelle. Un facilitateur ou un m\u00e9diateur serait n\u00e9cessaire pour faciliter la communication entre les diff\u00e9rentes parties impliqu\u00e9es dans le festival, et le besoin se fait sentir aujourd&rsquo;hui de renforcer et d\u00e9velopper la coop\u00e9ration locale. De plus, le financement reste un probl\u00e8me puisque les 3 municipalit\u00e9s et r\u00e9gions contribuent \u00e0 hauteur de 30%, tandis que les 70% restants du budget proviennent des revenus propres du festival. Enfin, obtenir des commentaires des visiteurs via des sondages n&rsquo;a pas suscit\u00e9 beaucoup de r\u00e9ponses jusqu&rsquo;ici.<\/p>\n<h3>Et apr\u00e8s?<\/h3>\n<p>Sagobygden est en passe d&rsquo;obtenir des financements pour le d\u00e9veloppement durable et global du \u00ab pays des l\u00e9gendes \u00bb en tant que destination touristique.[\/vc_column_text][\/vc_column][\/vc_row][vc_row type=\u00a0\u00bbin_container\u00a0\u00bb full_screen_row_position=\u00a0\u00bbmiddle\u00a0\u00bb column_margin=\u00a0\u00bbdefault\u00a0\u00bb column_direction=\u00a0\u00bbdefault\u00a0\u00bb column_direction_tablet=\u00a0\u00bbdefault\u00a0\u00bb column_direction_phone=\u00a0\u00bbdefault\u00a0\u00bb scene_position=\u00a0\u00bbcenter\u00a0\u00bb text_color=\u00a0\u00bbdark\u00a0\u00bb text_align=\u00a0\u00bbleft\u00a0\u00bb row_border_radius=\u00a0\u00bbnone\u00a0\u00bb row_border_radius_applies=\u00a0\u00bbbg\u00a0\u00bb overflow=\u00a0\u00bbvisible\u00a0\u00bb overlay_strength=\u00a0\u00bb0.3&Prime; gradient_direction=\u00a0\u00bbleft_to_right\u00a0\u00bb shape_divider_position=\u00a0\u00bbbottom\u00a0\u00bb bg_image_animation=\u00a0\u00bbnone\u00a0\u00bb][vc_column column_padding=\u00a0\u00bbno-extra-padding\u00a0\u00bb column_padding_tablet=\u00a0\u00bbinherit\u00a0\u00bb column_padding_phone=\u00a0\u00bbinherit\u00a0\u00bb column_padding_position=\u00a0\u00bball\u00a0\u00bb column_element_direction_desktop=\u00a0\u00bbdefault\u00a0\u00bb column_element_spacing=\u00a0\u00bbdefault\u00a0\u00bb desktop_text_alignment=\u00a0\u00bbdefault\u00a0\u00bb tablet_text_alignment=\u00a0\u00bbdefault\u00a0\u00bb phone_text_alignment=\u00a0\u00bbdefault\u00a0\u00bb background_color_opacity=\u00a0\u00bb1&Prime; background_hover_color_opacity=\u00a0\u00bb1&Prime; column_backdrop_filter=\u00a0\u00bbnone\u00a0\u00bb column_shadow=\u00a0\u00bbnone\u00a0\u00bb column_border_radius=\u00a0\u00bbnone\u00a0\u00bb column_link_target=\u00a0\u00bb_self\u00a0\u00bb column_position=\u00a0\u00bbdefault\u00a0\u00bb gradient_direction=\u00a0\u00bbleft_to_right\u00a0\u00bb overlay_strength=\u00a0\u00bb0.3&Prime; width=\u00a0\u00bb1\/1&Prime; tablet_width_inherit=\u00a0\u00bbdefault\u00a0\u00bb animation_type=\u00a0\u00bbdefault\u00a0\u00bb bg_image_animation=\u00a0\u00bbnone\u00a0\u00bb border_type=\u00a0\u00bbsimple\u00a0\u00bb column_border_width=\u00a0\u00bbnone\u00a0\u00bb column_border_style=\u00a0\u00bbsolid\u00a0\u00bb][nectar_global_section id=\u00a0\u00bb6245&Prime;][\/vc_column][\/vc_row]\n","protected":false},"excerpt":{"rendered":"<p>Sagobygden\u2019s Music and Storytelling Festival (formerly known as Ljungby Storytelling Festival), founded in 1990, is the oldest annual storytelling festival in the Nordic countries. During the 4-day affair, 50 storytellers from all over the world are invited to come and tell their best stories \u2013 old or new. <\/p>\n","protected":false},"author":5,"featured_media":9132,"comment_status":"closed","ping_status":"closed","sticky":false,"template":"","format":"standard","meta":{"footnotes":""},"categories":[85],"tags":[],"class_list":{"0":"post-9610","1":"post","2":"type-post","3":"status-publish","4":"format-standard","5":"has-post-thumbnail","7":"category-experience-sur-le-terrain"},"yoast_head":"<!-- This site is optimized with the Yoast SEO plugin v27.4 - https:\/\/yoast.com\/product\/yoast-seo-wordpress\/ -->\n<title>Festival de contes de Ljungby et Mus\u00e9e des l\u00e9gendes, Su\u00e8de - ICH NGO Forum<\/title>\n<meta name=\"robots\" content=\"index, follow, max-snippet:-1, max-image-preview:large, max-video-preview:-1\" \/>\n<link rel=\"canonical\" href=\"https:\/\/www.ichngoforum.org\/fr\/experience-sur-le-terrain\/festival-de-contes-de-ljungby-et-musee-des-legendes-suede\/\" \/>\n<meta property=\"og:locale\" content=\"fr_FR\" \/>\n<meta property=\"og:type\" content=\"article\" \/>\n<meta property=\"og:title\" content=\"Festival de contes de Ljungby et Mus\u00e9e des l\u00e9gendes, Su\u00e8de - ICH NGO Forum\" \/>\n<meta property=\"og:description\" content=\"Sagobygden\u2019s Music and Storytelling Festival (formerly known as Ljungby Storytelling Festival), founded in 1990, is the oldest annual storytelling festival in the Nordic countries. During the 4-day affair, 50 storytellers from all over the world are invited to come and tell their best stories \u2013 old or new.\" \/>\n<meta property=\"og:url\" content=\"https:\/\/www.ichngoforum.org\/fr\/experience-sur-le-terrain\/festival-de-contes-de-ljungby-et-musee-des-legendes-suede\/\" \/>\n<meta property=\"og:site_name\" content=\"ICH NGO Forum\" \/>\n<meta property=\"article:publisher\" content=\"https:\/\/www.facebook.com\/IchNgoForum\/\" \/>\n<meta property=\"article:published_time\" content=\"2022-10-06T21:07:11+00:00\" \/>\n<meta property=\"article:modified_time\" content=\"2023-07-24T13:13:09+00:00\" \/>\n<meta property=\"og:image\" content=\"https:\/\/www.ichngoforum.org\/wp-content\/uploads\/2022\/10\/ljungby-storytelling-festival-and-the-museum-of-legends-01.jpg\" \/>\n\t<meta property=\"og:image:width\" content=\"1400\" \/>\n\t<meta property=\"og:image:height\" content=\"788\" \/>\n\t<meta property=\"og:image:type\" content=\"image\/jpeg\" \/>\n<meta name=\"author\" content=\"ICH NGO Forum\" \/>\n<meta name=\"twitter:card\" content=\"summary_large_image\" \/>\n<meta name=\"twitter:creator\" content=\"@IchNGO\" \/>\n<meta name=\"twitter:site\" content=\"@IchNGO\" \/>\n<meta name=\"twitter:label1\" content=\"\u00c9crit par\" \/>\n\t<meta name=\"twitter:data1\" content=\"ICH NGO Forum\" \/>\n\t<meta name=\"twitter:label2\" content=\"Dur\u00e9e de lecture estim\u00e9e\" \/>\n\t<meta name=\"twitter:data2\" content=\"4 minutes\" \/>\n<script type=\"application\/ld+json\" class=\"yoast-schema-graph\">{\"@context\":\"https:\\\/\\\/schema.org\",\"@graph\":[{\"@type\":\"Article\",\"@id\":\"https:\\\/\\\/www.ichngoforum.org\\\/fr\\\/experience-sur-le-terrain\\\/festival-de-contes-de-ljungby-et-musee-des-legendes-suede\\\/#article\",\"isPartOf\":{\"@id\":\"https:\\\/\\\/www.ichngoforum.org\\\/fr\\\/experience-sur-le-terrain\\\/festival-de-contes-de-ljungby-et-musee-des-legendes-suede\\\/\"},\"author\":{\"name\":\"ICH NGO Forum\",\"@id\":\"https:\\\/\\\/www.ichngoforum.org\\\/#\\\/schema\\\/person\\\/d0a3b14879f67b723f6999ece1afb5f4\"},\"headline\":\"Festival de contes de Ljungby et Mus\u00e9e des l\u00e9gendes, Su\u00e8de\",\"datePublished\":\"2022-10-06T21:07:11+00:00\",\"dateModified\":\"2023-07-24T13:13:09+00:00\",\"mainEntityOfPage\":{\"@id\":\"https:\\\/\\\/www.ichngoforum.org\\\/fr\\\/experience-sur-le-terrain\\\/festival-de-contes-de-ljungby-et-musee-des-legendes-suede\\\/\"},\"wordCount\":1320,\"publisher\":{\"@id\":\"https:\\\/\\\/www.ichngoforum.org\\\/#organization\"},\"image\":{\"@id\":\"https:\\\/\\\/www.ichngoforum.org\\\/fr\\\/experience-sur-le-terrain\\\/festival-de-contes-de-ljungby-et-musee-des-legendes-suede\\\/#primaryimage\"},\"thumbnailUrl\":\"https:\\\/\\\/www.ichngoforum.org\\\/wp-content\\\/uploads\\\/2022\\\/10\\\/ljungby-storytelling-festival-and-the-museum-of-legends-01.jpg\",\"articleSection\":[\"Exp\u00e9rience sur le terrain\"],\"inLanguage\":\"fr-FR\"},{\"@type\":\"WebPage\",\"@id\":\"https:\\\/\\\/www.ichngoforum.org\\\/fr\\\/experience-sur-le-terrain\\\/festival-de-contes-de-ljungby-et-musee-des-legendes-suede\\\/\",\"url\":\"https:\\\/\\\/www.ichngoforum.org\\\/fr\\\/experience-sur-le-terrain\\\/festival-de-contes-de-ljungby-et-musee-des-legendes-suede\\\/\",\"name\":\"Festival de contes de Ljungby et Mus\u00e9e des l\u00e9gendes, Su\u00e8de - ICH NGO Forum\",\"isPartOf\":{\"@id\":\"https:\\\/\\\/www.ichngoforum.org\\\/#website\"},\"primaryImageOfPage\":{\"@id\":\"https:\\\/\\\/www.ichngoforum.org\\\/fr\\\/experience-sur-le-terrain\\\/festival-de-contes-de-ljungby-et-musee-des-legendes-suede\\\/#primaryimage\"},\"image\":{\"@id\":\"https:\\\/\\\/www.ichngoforum.org\\\/fr\\\/experience-sur-le-terrain\\\/festival-de-contes-de-ljungby-et-musee-des-legendes-suede\\\/#primaryimage\"},\"thumbnailUrl\":\"https:\\\/\\\/www.ichngoforum.org\\\/wp-content\\\/uploads\\\/2022\\\/10\\\/ljungby-storytelling-festival-and-the-museum-of-legends-01.jpg\",\"datePublished\":\"2022-10-06T21:07:11+00:00\",\"dateModified\":\"2023-07-24T13:13:09+00:00\",\"breadcrumb\":{\"@id\":\"https:\\\/\\\/www.ichngoforum.org\\\/fr\\\/experience-sur-le-terrain\\\/festival-de-contes-de-ljungby-et-musee-des-legendes-suede\\\/#breadcrumb\"},\"inLanguage\":\"fr-FR\",\"potentialAction\":[{\"@type\":\"ReadAction\",\"target\":[\"https:\\\/\\\/www.ichngoforum.org\\\/fr\\\/experience-sur-le-terrain\\\/festival-de-contes-de-ljungby-et-musee-des-legendes-suede\\\/\"]}]},{\"@type\":\"ImageObject\",\"inLanguage\":\"fr-FR\",\"@id\":\"https:\\\/\\\/www.ichngoforum.org\\\/fr\\\/experience-sur-le-terrain\\\/festival-de-contes-de-ljungby-et-musee-des-legendes-suede\\\/#primaryimage\",\"url\":\"https:\\\/\\\/www.ichngoforum.org\\\/wp-content\\\/uploads\\\/2022\\\/10\\\/ljungby-storytelling-festival-and-the-museum-of-legends-01.jpg\",\"contentUrl\":\"https:\\\/\\\/www.ichngoforum.org\\\/wp-content\\\/uploads\\\/2022\\\/10\\\/ljungby-storytelling-festival-and-the-museum-of-legends-01.jpg\",\"width\":1400,\"height\":788},{\"@type\":\"BreadcrumbList\",\"@id\":\"https:\\\/\\\/www.ichngoforum.org\\\/fr\\\/experience-sur-le-terrain\\\/festival-de-contes-de-ljungby-et-musee-des-legendes-suede\\\/#breadcrumb\",\"itemListElement\":[{\"@type\":\"ListItem\",\"position\":1,\"name\":\"Home\",\"item\":\"https:\\\/\\\/www.ichngoforum.org\\\/\"},{\"@type\":\"ListItem\",\"position\":2,\"name\":\"Festival de contes de Ljungby et Mus\u00e9e des l\u00e9gendes, Su\u00e8de\"}]},{\"@type\":\"WebSite\",\"@id\":\"https:\\\/\\\/www.ichngoforum.org\\\/#website\",\"url\":\"https:\\\/\\\/www.ichngoforum.org\\\/\",\"name\":\"ICH NGO Forum\",\"description\":\"Intangible Cultural Heritage\",\"publisher\":{\"@id\":\"https:\\\/\\\/www.ichngoforum.org\\\/#organization\"},\"potentialAction\":[{\"@type\":\"SearchAction\",\"target\":{\"@type\":\"EntryPoint\",\"urlTemplate\":\"https:\\\/\\\/www.ichngoforum.org\\\/?s={search_term_string}\"},\"query-input\":{\"@type\":\"PropertyValueSpecification\",\"valueRequired\":true,\"valueName\":\"search_term_string\"}}],\"inLanguage\":\"fr-FR\"},{\"@type\":\"Organization\",\"@id\":\"https:\\\/\\\/www.ichngoforum.org\\\/#organization\",\"name\":\"ICH NGO Forum\",\"url\":\"https:\\\/\\\/www.ichngoforum.org\\\/\",\"logo\":{\"@type\":\"ImageObject\",\"inLanguage\":\"fr-FR\",\"@id\":\"https:\\\/\\\/www.ichngoforum.org\\\/#\\\/schema\\\/logo\\\/image\\\/\",\"url\":\"https:\\\/\\\/www.ichngoforum.org\\\/wp-content\\\/uploads\\\/2025\\\/09\\\/organization-logo-ichngo-forum-intangible-cultural-heritage.jpg\",\"contentUrl\":\"https:\\\/\\\/www.ichngoforum.org\\\/wp-content\\\/uploads\\\/2025\\\/09\\\/organization-logo-ichngo-forum-intangible-cultural-heritage.jpg\",\"width\":1200,\"height\":1200,\"caption\":\"ICH NGO Forum\"},\"image\":{\"@id\":\"https:\\\/\\\/www.ichngoforum.org\\\/#\\\/schema\\\/logo\\\/image\\\/\"},\"sameAs\":[\"https:\\\/\\\/www.facebook.com\\\/IchNgoForum\\\/\",\"https:\\\/\\\/x.com\\\/IchNGO\"]},{\"@type\":\"Person\",\"@id\":\"https:\\\/\\\/www.ichngoforum.org\\\/#\\\/schema\\\/person\\\/d0a3b14879f67b723f6999ece1afb5f4\",\"name\":\"ICH NGO Forum\",\"image\":{\"@type\":\"ImageObject\",\"inLanguage\":\"fr-FR\",\"@id\":\"https:\\\/\\\/secure.gravatar.com\\\/avatar\\\/9f4bef312e9a091472ab63ca8a00cebb31ec153114eaab528a9fd691021e6764?s=96&d=blank&r=g\",\"url\":\"https:\\\/\\\/secure.gravatar.com\\\/avatar\\\/9f4bef312e9a091472ab63ca8a00cebb31ec153114eaab528a9fd691021e6764?s=96&d=blank&r=g\",\"contentUrl\":\"https:\\\/\\\/secure.gravatar.com\\\/avatar\\\/9f4bef312e9a091472ab63ca8a00cebb31ec153114eaab528a9fd691021e6764?s=96&d=blank&r=g\",\"caption\":\"ICH NGO Forum\"}}]}<\/script>\n<!-- \/ Yoast SEO plugin. -->","yoast_head_json":{"title":"Festival de contes de Ljungby et Mus\u00e9e des l\u00e9gendes, Su\u00e8de - ICH NGO Forum","robots":{"index":"index","follow":"follow","max-snippet":"max-snippet:-1","max-image-preview":"max-image-preview:large","max-video-preview":"max-video-preview:-1"},"canonical":"https:\/\/www.ichngoforum.org\/fr\/experience-sur-le-terrain\/festival-de-contes-de-ljungby-et-musee-des-legendes-suede\/","og_locale":"fr_FR","og_type":"article","og_title":"Festival de contes de Ljungby et Mus\u00e9e des l\u00e9gendes, Su\u00e8de - ICH NGO Forum","og_description":"Sagobygden\u2019s Music and Storytelling Festival (formerly known as Ljungby Storytelling Festival), founded in 1990, is the oldest annual storytelling festival in the Nordic countries. During the 4-day affair, 50 storytellers from all over the world are invited to come and tell their best stories \u2013 old or new.","og_url":"https:\/\/www.ichngoforum.org\/fr\/experience-sur-le-terrain\/festival-de-contes-de-ljungby-et-musee-des-legendes-suede\/","og_site_name":"ICH NGO Forum","article_publisher":"https:\/\/www.facebook.com\/IchNgoForum\/","article_published_time":"2022-10-06T21:07:11+00:00","article_modified_time":"2023-07-24T13:13:09+00:00","og_image":[{"width":1400,"height":788,"url":"https:\/\/www.ichngoforum.org\/wp-content\/uploads\/2022\/10\/ljungby-storytelling-festival-and-the-museum-of-legends-01.jpg","type":"image\/jpeg"}],"author":"ICH NGO Forum","twitter_card":"summary_large_image","twitter_creator":"@IchNGO","twitter_site":"@IchNGO","twitter_misc":{"\u00c9crit par":"ICH NGO Forum","Dur\u00e9e de lecture estim\u00e9e":"4 minutes"},"schema":{"@context":"https:\/\/schema.org","@graph":[{"@type":"Article","@id":"https:\/\/www.ichngoforum.org\/fr\/experience-sur-le-terrain\/festival-de-contes-de-ljungby-et-musee-des-legendes-suede\/#article","isPartOf":{"@id":"https:\/\/www.ichngoforum.org\/fr\/experience-sur-le-terrain\/festival-de-contes-de-ljungby-et-musee-des-legendes-suede\/"},"author":{"name":"ICH NGO Forum","@id":"https:\/\/www.ichngoforum.org\/#\/schema\/person\/d0a3b14879f67b723f6999ece1afb5f4"},"headline":"Festival de contes de Ljungby et Mus\u00e9e des l\u00e9gendes, Su\u00e8de","datePublished":"2022-10-06T21:07:11+00:00","dateModified":"2023-07-24T13:13:09+00:00","mainEntityOfPage":{"@id":"https:\/\/www.ichngoforum.org\/fr\/experience-sur-le-terrain\/festival-de-contes-de-ljungby-et-musee-des-legendes-suede\/"},"wordCount":1320,"publisher":{"@id":"https:\/\/www.ichngoforum.org\/#organization"},"image":{"@id":"https:\/\/www.ichngoforum.org\/fr\/experience-sur-le-terrain\/festival-de-contes-de-ljungby-et-musee-des-legendes-suede\/#primaryimage"},"thumbnailUrl":"https:\/\/www.ichngoforum.org\/wp-content\/uploads\/2022\/10\/ljungby-storytelling-festival-and-the-museum-of-legends-01.jpg","articleSection":["Exp\u00e9rience sur le terrain"],"inLanguage":"fr-FR"},{"@type":"WebPage","@id":"https:\/\/www.ichngoforum.org\/fr\/experience-sur-le-terrain\/festival-de-contes-de-ljungby-et-musee-des-legendes-suede\/","url":"https:\/\/www.ichngoforum.org\/fr\/experience-sur-le-terrain\/festival-de-contes-de-ljungby-et-musee-des-legendes-suede\/","name":"Festival de contes de Ljungby et Mus\u00e9e des l\u00e9gendes, Su\u00e8de - ICH NGO Forum","isPartOf":{"@id":"https:\/\/www.ichngoforum.org\/#website"},"primaryImageOfPage":{"@id":"https:\/\/www.ichngoforum.org\/fr\/experience-sur-le-terrain\/festival-de-contes-de-ljungby-et-musee-des-legendes-suede\/#primaryimage"},"image":{"@id":"https:\/\/www.ichngoforum.org\/fr\/experience-sur-le-terrain\/festival-de-contes-de-ljungby-et-musee-des-legendes-suede\/#primaryimage"},"thumbnailUrl":"https:\/\/www.ichngoforum.org\/wp-content\/uploads\/2022\/10\/ljungby-storytelling-festival-and-the-museum-of-legends-01.jpg","datePublished":"2022-10-06T21:07:11+00:00","dateModified":"2023-07-24T13:13:09+00:00","breadcrumb":{"@id":"https:\/\/www.ichngoforum.org\/fr\/experience-sur-le-terrain\/festival-de-contes-de-ljungby-et-musee-des-legendes-suede\/#breadcrumb"},"inLanguage":"fr-FR","potentialAction":[{"@type":"ReadAction","target":["https:\/\/www.ichngoforum.org\/fr\/experience-sur-le-terrain\/festival-de-contes-de-ljungby-et-musee-des-legendes-suede\/"]}]},{"@type":"ImageObject","inLanguage":"fr-FR","@id":"https:\/\/www.ichngoforum.org\/fr\/experience-sur-le-terrain\/festival-de-contes-de-ljungby-et-musee-des-legendes-suede\/#primaryimage","url":"https:\/\/www.ichngoforum.org\/wp-content\/uploads\/2022\/10\/ljungby-storytelling-festival-and-the-museum-of-legends-01.jpg","contentUrl":"https:\/\/www.ichngoforum.org\/wp-content\/uploads\/2022\/10\/ljungby-storytelling-festival-and-the-museum-of-legends-01.jpg","width":1400,"height":788},{"@type":"BreadcrumbList","@id":"https:\/\/www.ichngoforum.org\/fr\/experience-sur-le-terrain\/festival-de-contes-de-ljungby-et-musee-des-legendes-suede\/#breadcrumb","itemListElement":[{"@type":"ListItem","position":1,"name":"Home","item":"https:\/\/www.ichngoforum.org\/"},{"@type":"ListItem","position":2,"name":"Festival de contes de Ljungby et Mus\u00e9e des l\u00e9gendes, Su\u00e8de"}]},{"@type":"WebSite","@id":"https:\/\/www.ichngoforum.org\/#website","url":"https:\/\/www.ichngoforum.org\/","name":"ICH NGO Forum","description":"Intangible Cultural Heritage","publisher":{"@id":"https:\/\/www.ichngoforum.org\/#organization"},"potentialAction":[{"@type":"SearchAction","target":{"@type":"EntryPoint","urlTemplate":"https:\/\/www.ichngoforum.org\/?s={search_term_string}"},"query-input":{"@type":"PropertyValueSpecification","valueRequired":true,"valueName":"search_term_string"}}],"inLanguage":"fr-FR"},{"@type":"Organization","@id":"https:\/\/www.ichngoforum.org\/#organization","name":"ICH NGO Forum","url":"https:\/\/www.ichngoforum.org\/","logo":{"@type":"ImageObject","inLanguage":"fr-FR","@id":"https:\/\/www.ichngoforum.org\/#\/schema\/logo\/image\/","url":"https:\/\/www.ichngoforum.org\/wp-content\/uploads\/2025\/09\/organization-logo-ichngo-forum-intangible-cultural-heritage.jpg","contentUrl":"https:\/\/www.ichngoforum.org\/wp-content\/uploads\/2025\/09\/organization-logo-ichngo-forum-intangible-cultural-heritage.jpg","width":1200,"height":1200,"caption":"ICH NGO Forum"},"image":{"@id":"https:\/\/www.ichngoforum.org\/#\/schema\/logo\/image\/"},"sameAs":["https:\/\/www.facebook.com\/IchNgoForum\/","https:\/\/x.com\/IchNGO"]},{"@type":"Person","@id":"https:\/\/www.ichngoforum.org\/#\/schema\/person\/d0a3b14879f67b723f6999ece1afb5f4","name":"ICH NGO Forum","image":{"@type":"ImageObject","inLanguage":"fr-FR","@id":"https:\/\/secure.gravatar.com\/avatar\/9f4bef312e9a091472ab63ca8a00cebb31ec153114eaab528a9fd691021e6764?s=96&d=blank&r=g","url":"https:\/\/secure.gravatar.com\/avatar\/9f4bef312e9a091472ab63ca8a00cebb31ec153114eaab528a9fd691021e6764?s=96&d=blank&r=g","contentUrl":"https:\/\/secure.gravatar.com\/avatar\/9f4bef312e9a091472ab63ca8a00cebb31ec153114eaab528a9fd691021e6764?s=96&d=blank&r=g","caption":"ICH NGO Forum"}}]}},"_links":{"self":[{"href":"https:\/\/www.ichngoforum.org\/fr\/wp-json\/wp\/v2\/posts\/9610","targetHints":{"allow":["GET"]}}],"collection":[{"href":"https:\/\/www.ichngoforum.org\/fr\/wp-json\/wp\/v2\/posts"}],"about":[{"href":"https:\/\/www.ichngoforum.org\/fr\/wp-json\/wp\/v2\/types\/post"}],"author":[{"embeddable":true,"href":"https:\/\/www.ichngoforum.org\/fr\/wp-json\/wp\/v2\/users\/5"}],"replies":[{"embeddable":true,"href":"https:\/\/www.ichngoforum.org\/fr\/wp-json\/wp\/v2\/comments?post=9610"}],"version-history":[{"count":4,"href":"https:\/\/www.ichngoforum.org\/fr\/wp-json\/wp\/v2\/posts\/9610\/revisions"}],"predecessor-version":[{"id":9636,"href":"https:\/\/www.ichngoforum.org\/fr\/wp-json\/wp\/v2\/posts\/9610\/revisions\/9636"}],"wp:featuredmedia":[{"embeddable":true,"href":"https:\/\/www.ichngoforum.org\/fr\/wp-json\/wp\/v2\/media\/9132"}],"wp:attachment":[{"href":"https:\/\/www.ichngoforum.org\/fr\/wp-json\/wp\/v2\/media?parent=9610"}],"wp:term":[{"taxonomy":"category","embeddable":true,"href":"https:\/\/www.ichngoforum.org\/fr\/wp-json\/wp\/v2\/categories?post=9610"},{"taxonomy":"post_tag","embeddable":true,"href":"https:\/\/www.ichngoforum.org\/fr\/wp-json\/wp\/v2\/tags?post=9610"}],"curies":[{"name":"wp","href":"https:\/\/api.w.org\/{rel}","templated":true}]}}